{"id":323,"date":"2024-03-19T16:10:26","date_gmt":"2024-03-19T16:10:26","guid":{"rendered":"https:\/\/test.figlinegati.it\/?p=323"},"modified":"2024-03-21T16:10:51","modified_gmt":"2024-03-21T16:10:51","slug":"comunicato-stampa","status":"publish","type":"post","link":"https:\/\/www.figlinegati.it\/?p=323","title":{"rendered":"Comunicato Stampa"},"content":{"rendered":"\n<p>Oggi, in occasione della Festa del Pap\u00e0, il Movimento pacifista del padri separati composto da pi\u00f9 Associazioni organizzer\u00e0 dalle 17 alle 19 davanti alla sede della Rai in viale Mazzini un sit in di protesta con striscioni, magliette (NO BAVAGLIO AI PADRI SEPARATI) e bavaglio in bocca per protestare contro la censura della Rai alle manifestazioni dei padri. Sono 15 anni che non c\u2019\u00e8 neppure un minuto di riprese del Daddy\u2019s Pride che \u00e8 l\u2019unica marcia mondiale dei padri separati che rivendica il diritto dei figli di amare due genitori e quattro nonni.<br>La marcia \u00e8 stata realizzata a Roma, Vienna, Parigi, Berlino, Ginevra, Berna, Praga e Bratislava nel silenzio totale del servizio pubblico.<br>Questa censura-discriminazione ricorda l\u2019apartheid tra bianchi e neri.<br>La voce dei padri separati italiani e\u2019 imbavagliata contro i principi dell\u2019art.3 della Costituzione e contro i principi istituzionali della par condicio e delle pari opportunit\u00e0 . L\u2019evento sar\u00e0 ripreso in diretta da Radio Network Italia.<br>Il Movimento chiede un incontro con I vertici della Rai per consentire il contraddittorio in tema di separazioni. Alla Rai hanno libero accesso le donne, le femministe, i gay, le lesbiche e tutti i componenti dell Lgbt. Solo ai padri separati sono impediti gli spazi democratici del servizio pubblico.<br>Sabato scorso e\u2019 stata censurata la venticinquesima marcia del Daddy\u2019s Pride.<br>Il colpo finale \u00e8 stata la scelta assurda di mettere il film Altri Padri ,coprodotto dalla Rai e dalla Regione Lazio, il prossimo 23 marzo alle 00.30 di notte. Visto l\u2019orario non lo vedr\u00e0 nessuno e quasi 5 milioni di padri separati, quindici milioni di nonni e di figli di separati non lo potranno vedere perch\u00e9 nessuno di loro potr\u00e0 stare sveglio fino alle due di notte.<br>Chiediamo la messa in onda in prima serata alle 21.30 e un dibattito sui contenuti importantissimi del film.<br>Invitiamo tutti a partecipare a questa civile protesta.<br>Giorgio Ceccarelli e Domenico Fumagalli<br>3472414062<\/p>\n","protected":false},"excerpt":{"rendered":"<p>Oggi, in occasione della Festa del Pap\u00e0, il Movimento pacifista del padri separati composto da pi\u00f9 Associazioni organizzer\u00e0 dalle 17 alle 19 davanti alla sede della Rai in viale Mazzini un sit in di protesta con striscioni, magliette (NO BAVAGLIO AI PADRI SEPARATI) e bavaglio in bocca per protestare contro la censura della Rai alle [&hellip;]<\/p>\n","protected":false},"author":1,"featured_media":324,"comment_status":"closed","ping_status":"closed","sticky":false,"template":"","format":"standard","meta":{"footnotes":""},"categories":[6],"tags":[37,40,38],"class_list":["post-323","post","type-post","status-publish","format-standard","has-post-thumbnail","hentry","category-news","tag-censura","tag-manifestazione","tag-rai"],"_links":{"self":[{"href":"https:\/\/www.figlinegati.it\/index.php?rest_route=\/wp\/v2\/posts\/323","targetHints":{"allow":["GET"]}}],"collection":[{"href":"https:\/\/www.figlinegati.it\/index.php?rest_route=\/wp\/v2\/posts"}],"about":[{"href":"https:\/\/www.figlinegati.it\/index.php?rest_route=\/wp\/v2\/types\/post"}],"author":[{"embeddable":true,"href":"https:\/\/www.figlinegati.it\/index.php?rest_route=\/wp\/v2\/users\/1"}],"replies":[{"embeddable":true,"href":"https:\/\/www.figlinegati.it\/index.php?rest_route=%2Fwp%2Fv2%2Fcomments&post=323"}],"version-history":[{"count":1,"href":"https:\/\/www.figlinegati.it\/index.php?rest_route=\/wp\/v2\/posts\/323\/revisions"}],"predecessor-version":[{"id":325,"href":"https:\/\/www.figlinegati.it\/index.php?rest_route=\/wp\/v2\/posts\/323\/revisions\/325"}],"wp:featuredmedia":[{"embeddable":true,"href":"https:\/\/www.figlinegati.it\/index.php?rest_route=\/wp\/v2\/media\/324"}],"wp:attachment":[{"href":"https:\/\/www.figlinegati.it\/index.php?rest_route=%2Fwp%2Fv2%2Fmedia&parent=323"}],"wp:term":[{"taxonomy":"category","embeddable":true,"href":"https:\/\/www.figlinegati.it\/index.php?rest_route=%2Fwp%2Fv2%2Fcategories&post=323"},{"taxonomy":"post_tag","embeddable":true,"href":"https:\/\/www.figlinegati.it\/index.php?rest_route=%2Fwp%2Fv2%2Ftags&post=323"}],"curies":[{"name":"wp","href":"https:\/\/api.w.org\/{rel}","templated":true}]}}