{"id":326,"date":"2024-03-16T16:13:18","date_gmt":"2024-03-16T16:13:18","guid":{"rendered":"https:\/\/test.figlinegati.it\/?p=326"},"modified":"2024-03-25T10:15:35","modified_gmt":"2024-03-25T10:15:35","slug":"daddys-pride-2024","status":"publish","type":"post","link":"https:\/\/www.figlinegati.it\/?p=326","title":{"rendered":"Daddy&#8217;S Pride 2024"},"content":{"rendered":"\n<p><br><strong>XXV Edizione<\/strong><br><strong>16 marzo 2024<\/strong><\/p>\n\n\n\n<p><br>Roma, Piazza San Giovanni in Laterano dalle 14 alle 18.<br><\/p>\n\n\n\n<p>L&#8217;unica marcia al mondo dei padri separati.<br>Gi\u00e0 a Roma, Vienna, Parigi, Praga, Bratislava, Berlino, Berna e Ginevra.<br>I padri separati marciano per difendere i diritti inviolabili dei figli di amare due genitori e quattro nonni.<br>I padri separati sono CONTRO i femminicidi, i maschicidi, gli infanticidi, i suicidi dei padri separati dopo la separazione, il rapimento impunito del genitore rapitore del figlio.<br>I padri separati sono A FAVORE della Riforma del Diritto di Famiglia, dell&#8217;obbligatoriet\u00e0 della Mediazione Familiare dopo la separazione, del Contratto Prematrimoniale, dell&#8217;inasprimento della pena detentiva per il genitore rapitore dei figli.<br>Pochi giorni fa abbiamo saputo che il film &#8220;ALTRI PADRI&#8221; uscito al cinema due anni fa verr\u00e0 trasmesso su RAI 3 alle 00.30 il prossimo 23 marzo (quattro giorni dalla festa del pap\u00e0).<br>Facciamo un appello alla Presidente Giorgia Meloni per intervenire presso i vertici della Rai e far spostare in prima serata la &#8220;prima&#8221; di questo film coprodotto dalla Rai il 19 marzo, Festa del Pap\u00e0, alle 21.30.<br>Pochissimi italiani potrebbero vedere questo film fino alle 2 di notte.<\/p>\n\n\n\n<p>Ideatore e promotore del Daddy&#8217;s Pride<br>Giorgio Ceccarelli<\/p>\n\n\n\n<p>Coordinatori mondiali<br>Giorgio Ceccarelli e Domenico Fumagalli<\/p>\n\n\n\n<p>Associazioni e Movimenti aderenti:<br>Movimento pacifista Armata dei Padri<br>Figli Negati<br>Pap\u00e0 Separati Lombardia<br>Genitori Sottratti<br>Vittime di violenza io no<br>Pap\u00e0 Insieme<br>Nonne e Nonni Penalizzati<br>Pap\u00e0 e Mamme Separati<\/p>\n","protected":false},"excerpt":{"rendered":"<p>XXV Edizione16 marzo 2024 Roma, Piazza San Giovanni in Laterano dalle 14 alle 18. L&#8217;unica marcia al mondo dei padri separati.Gi\u00e0 a Roma, Vienna, Parigi, Praga, Bratislava, Berlino, Berna e Ginevra.I padri separati marciano per difendere i diritti inviolabili dei figli di amare due genitori e quattro nonni.I padri separati sono CONTRO i femminicidi, i [&hellip;]<\/p>\n","protected":false},"author":1,"featured_media":327,"comment_status":"closed","ping_status":"closed","sticky":false,"template":"","format":"standard","meta":{"footnotes":""},"categories":[27],"tags":[31,30,32],"class_list":["post-326","post","type-post","status-publish","format-standard","has-post-thumbnail","hentry","category-daddys-pride","tag-armata-dei-padri","tag-daddys-pride","tag-padri-separati"],"_links":{"self":[{"href":"https:\/\/www.figlinegati.it\/index.php?rest_route=\/wp\/v2\/posts\/326","targetHints":{"allow":["GET"]}}],"collection":[{"href":"https:\/\/www.figlinegati.it\/index.php?rest_route=\/wp\/v2\/posts"}],"about":[{"href":"https:\/\/www.figlinegati.it\/index.php?rest_route=\/wp\/v2\/types\/post"}],"author":[{"embeddable":true,"href":"https:\/\/www.figlinegati.it\/index.php?rest_route=\/wp\/v2\/users\/1"}],"replies":[{"embeddable":true,"href":"https:\/\/www.figlinegati.it\/index.php?rest_route=%2Fwp%2Fv2%2Fcomments&post=326"}],"version-history":[{"count":2,"href":"https:\/\/www.figlinegati.it\/index.php?rest_route=\/wp\/v2\/posts\/326\/revisions"}],"predecessor-version":[{"id":350,"href":"https:\/\/www.figlinegati.it\/index.php?rest_route=\/wp\/v2\/posts\/326\/revisions\/350"}],"wp:featuredmedia":[{"embeddable":true,"href":"https:\/\/www.figlinegati.it\/index.php?rest_route=\/wp\/v2\/media\/327"}],"wp:attachment":[{"href":"https:\/\/www.figlinegati.it\/index.php?rest_route=%2Fwp%2Fv2%2Fmedia&parent=326"}],"wp:term":[{"taxonomy":"category","embeddable":true,"href":"https:\/\/www.figlinegati.it\/index.php?rest_route=%2Fwp%2Fv2%2Fcategories&post=326"},{"taxonomy":"post_tag","embeddable":true,"href":"https:\/\/www.figlinegati.it\/index.php?rest_route=%2Fwp%2Fv2%2Ftags&post=326"}],"curies":[{"name":"wp","href":"https:\/\/api.w.org\/{rel}","templated":true}]}}